{"id":7094,"date":"2023-09-22T08:52:17","date_gmt":"2023-09-22T06:52:17","guid":{"rendered":"https:\/\/www.pak.hr\/?p=7094"},"modified":"2023-09-22T10:45:48","modified_gmt":"2023-09-22T08:45:48","slug":"edukacija-iz-podrucja-stranih-jezika-pravne-struke-2","status":"publish","type":"post","link":"https:\/\/www.pak.hr\/en\/edukacija-iz-podrucja-stranih-jezika-pravne-struke-2\/","title":{"rendered":"Edukacija iz podru\u010dja stranih jezika pravne struke"},"content":{"rendered":"<p>Pravosudna akademija \u010dlanica je Radne skupine \u201eLingvistika\u201c Europske mre\u017ee za pravosudno osposobljavanje (EJTN).<\/p>\n<p>Aktivnosti koje ova Radna skupina organizira za pravosudne du\u017enosnike i savjetnike u pravosu\u0111u mo\u017eete pogledati u posebnom letku Radne skupine \u201e<a role=\"link\" href=\"https:\/\/www.pak.hr\/wp-content\/uploads\/2023\/09\/LETAK-22.9.pdf\">Lingvistika<\/a>\u201c:<\/p>\n<p>Sve dostupne jezi\u010dne materijale mo\u017eete pogledati putem poveznica koje su dostupne u sljede\u0107em\u00a0<a role=\"link\" href=\"https:\/\/www.pak.hr\/wp-content\/uploads\/2023\/09\/Linguistics-Handbooks-22.9.pdf\">dokumentu<\/a>.<\/p>\n","protected":false},"excerpt":{"rendered":"<p>Pravosudna akademija \u010dlanica je Radne skupine \u201eLingvistika\u201c Europske mre\u017ee za pravosudno osposobljavanje (EJTN). Aktivnosti koje ova Radna skupina organizira za pravosudne du\u017enosnike i savjetnike u pravosu\u0111u mo\u017eete pogledati u posebnom&#8230;<\/p>\n","protected":false},"author":4,"featured_media":0,"comment_status":"closed","ping_status":"open","sticky":false,"template":"","format":"standard","meta":{"footnotes":""},"categories":[189,69],"tags":[],"class_list":["post-7094","post","type-post","status-publish","format-standard","hentry","category-education-in-the-field-of-foreign-languages","category-nekategorizirano-en"],"yoast_head":"<!-- This site is optimized with the Yoast SEO plugin v27.5 - https:\/\/yoast.com\/product\/yoast-seo-wordpress\/ -->\n<title>Edukacija iz podru\u010dja stranih jezika pravne struke - Pravosudna akademija<\/title>\n<meta name=\"description\" content=\"Pravosudna akademija - Program cjelo\u017eivotnog stru\u010dnog usavr\u0161avanja je provedba inicijalnih programa za vje\u017ebenike u pravosudnim tijelima te za kandidate za suce i zamjenike dr\u017eavnih odvjetnika\" \/>\n<meta name=\"robots\" content=\"index, follow, max-snippet:-1, max-image-preview:large, max-video-preview:-1\" \/>\n<link rel=\"canonical\" href=\"https:\/\/www.pak.hr\/edukacija-iz-podrucja-stranih-jezika-pravne-struke\/\" \/>\n<meta property=\"og:locale\" content=\"en_US\" \/>\n<meta property=\"og:type\" content=\"article\" \/>\n<meta property=\"og:title\" content=\"Edukacija iz podru\u010dja stranih jezika pravne struke - Pravosudna akademija\" \/>\n<meta property=\"og:description\" content=\"Pravosudna akademija - Program cjelo\u017eivotnog stru\u010dnog usavr\u0161avanja je provedba inicijalnih programa za vje\u017ebenike u pravosudnim tijelima te za kandidate za suce i zamjenike dr\u017eavnih odvjetnika\" \/>\n<meta property=\"og:url\" content=\"https:\/\/www.pak.hr\/edukacija-iz-podrucja-stranih-jezika-pravne-struke\/\" \/>\n<meta property=\"og:site_name\" content=\"Pravosudna akademija\" \/>\n<meta property=\"article:published_time\" content=\"2023-09-22T06:52:17+00:00\" \/>\n<meta property=\"article:modified_time\" content=\"2023-09-22T08:45:48+00:00\" \/>\n<meta property=\"og:image\" content=\"https:\/\/www.pak.hr\/wp-content\/uploads\/2023\/06\/pak787420.jpg\" \/>\n\t<meta property=\"og:image:width\" content=\"787\" \/>\n\t<meta property=\"og:image:height\" content=\"420\" \/>\n\t<meta property=\"og:image:type\" content=\"image\/jpeg\" \/>\n<meta name=\"author\" content=\"ebilicic\" \/>\n<meta name=\"twitter:card\" content=\"summary_large_image\" \/>\n<meta name=\"twitter:label1\" content=\"Written by\" \/>\n\t<meta name=\"twitter:data1\" content=\"ebilicic\" \/>\n<script type=\"application\/ld+json\" class=\"yoast-schema-graph\">{\"@context\":\"https:\\\/\\\/schema.org\",\"@graph\":[{\"@type\":\"Article\",\"@id\":\"https:\\\/\\\/www.pak.hr\\\/edukacija-iz-podrucja-stranih-jezika-pravne-struke\\\/#article\",\"isPartOf\":{\"@id\":\"https:\\\/\\\/www.pak.hr\\\/edukacija-iz-podrucja-stranih-jezika-pravne-struke\\\/\"},\"author\":{\"name\":\"ebilicic\",\"@id\":\"https:\\\/\\\/www.pak.hr\\\/#\\\/schema\\\/person\\\/77fa3c286aafd2f93ac2ebb9f182bd26\"},\"headline\":\"Edukacija iz podru\u010dja stranih jezika pravne struke\",\"datePublished\":\"2023-09-22T06:52:17+00:00\",\"dateModified\":\"2023-09-22T08:45:48+00:00\",\"mainEntityOfPage\":{\"@id\":\"https:\\\/\\\/www.pak.hr\\\/edukacija-iz-podrucja-stranih-jezika-pravne-struke\\\/\"},\"wordCount\":63,\"publisher\":{\"@id\":\"https:\\\/\\\/www.pak.hr\\\/#organization\"},\"articleSection\":[\"Education in the field of foreign languages\",\"Main\"],\"inLanguage\":\"en-US\"},{\"@type\":\"WebPage\",\"@id\":\"https:\\\/\\\/www.pak.hr\\\/edukacija-iz-podrucja-stranih-jezika-pravne-struke\\\/\",\"url\":\"https:\\\/\\\/www.pak.hr\\\/edukacija-iz-podrucja-stranih-jezika-pravne-struke\\\/\",\"name\":\"Edukacija iz podru\u010dja stranih jezika pravne struke - Pravosudna akademija\",\"isPartOf\":{\"@id\":\"https:\\\/\\\/www.pak.hr\\\/#website\"},\"datePublished\":\"2023-09-22T06:52:17+00:00\",\"dateModified\":\"2023-09-22T08:45:48+00:00\",\"description\":\"Pravosudna akademija - Program cjelo\u017eivotnog stru\u010dnog usavr\u0161avanja je provedba inicijalnih programa za vje\u017ebenike u pravosudnim tijelima te za kandidate za suce i zamjenike dr\u017eavnih odvjetnika\",\"breadcrumb\":{\"@id\":\"https:\\\/\\\/www.pak.hr\\\/edukacija-iz-podrucja-stranih-jezika-pravne-struke\\\/#breadcrumb\"},\"inLanguage\":\"en-US\",\"potentialAction\":[{\"@type\":\"ReadAction\",\"target\":[\"https:\\\/\\\/www.pak.hr\\\/edukacija-iz-podrucja-stranih-jezika-pravne-struke\\\/\"]}]},{\"@type\":\"BreadcrumbList\",\"@id\":\"https:\\\/\\\/www.pak.hr\\\/edukacija-iz-podrucja-stranih-jezika-pravne-struke\\\/#breadcrumb\",\"itemListElement\":[{\"@type\":\"ListItem\",\"position\":1,\"name\":\"Po\u010detna stranica\",\"item\":\"https:\\\/\\\/www.pak.hr\\\/\"},{\"@type\":\"ListItem\",\"position\":2,\"name\":\"Edukacija iz podru\u010dja stranih jezika pravne struke\"}]},{\"@type\":\"WebSite\",\"@id\":\"https:\\\/\\\/www.pak.hr\\\/#website\",\"url\":\"https:\\\/\\\/www.pak.hr\\\/\",\"name\":\"Pravosudna akademija\",\"description\":\"Pravosudna akademija\",\"publisher\":{\"@id\":\"https:\\\/\\\/www.pak.hr\\\/#organization\"},\"potentialAction\":[{\"@type\":\"SearchAction\",\"target\":{\"@type\":\"EntryPoint\",\"urlTemplate\":\"https:\\\/\\\/www.pak.hr\\\/?s={search_term_string}\"},\"query-input\":{\"@type\":\"PropertyValueSpecification\",\"valueRequired\":true,\"valueName\":\"search_term_string\"}}],\"inLanguage\":\"en-US\"},{\"@type\":\"Organization\",\"@id\":\"https:\\\/\\\/www.pak.hr\\\/#organization\",\"name\":\"Pravosudna akademija\",\"url\":\"https:\\\/\\\/www.pak.hr\\\/\",\"logo\":{\"@type\":\"ImageObject\",\"inLanguage\":\"en-US\",\"@id\":\"https:\\\/\\\/www.pak.hr\\\/#\\\/schema\\\/logo\\\/image\\\/\",\"url\":\"https:\\\/\\\/www.pak.hr\\\/wp-content\\\/uploads\\\/2022\\\/03\\\/paklogo.png\",\"contentUrl\":\"https:\\\/\\\/www.pak.hr\\\/wp-content\\\/uploads\\\/2022\\\/03\\\/paklogo.png\",\"width\":202,\"height\":89,\"caption\":\"Pravosudna akademija\"},\"image\":{\"@id\":\"https:\\\/\\\/www.pak.hr\\\/#\\\/schema\\\/logo\\\/image\\\/\"}},{\"@type\":\"Person\",\"@id\":\"https:\\\/\\\/www.pak.hr\\\/#\\\/schema\\\/person\\\/77fa3c286aafd2f93ac2ebb9f182bd26\",\"name\":\"ebilicic\",\"image\":{\"@type\":\"ImageObject\",\"inLanguage\":\"en-US\",\"@id\":\"https:\\\/\\\/secure.gravatar.com\\\/avatar\\\/25016b470eacba5409a95d9ec0bc11fc7c56ed96d16e3d970fed58b771cc047d?s=96&d=mm&r=g\",\"url\":\"https:\\\/\\\/secure.gravatar.com\\\/avatar\\\/25016b470eacba5409a95d9ec0bc11fc7c56ed96d16e3d970fed58b771cc047d?s=96&d=mm&r=g\",\"contentUrl\":\"https:\\\/\\\/secure.gravatar.com\\\/avatar\\\/25016b470eacba5409a95d9ec0bc11fc7c56ed96d16e3d970fed58b771cc047d?s=96&d=mm&r=g\",\"caption\":\"ebilicic\"},\"url\":\"https:\\\/\\\/www.pak.hr\\\/en\\\/author\\\/ebilicic\\\/\"}]}<\/script>\n<!-- \/ Yoast SEO plugin. -->","yoast_head_json":{"title":"Edukacija iz podru\u010dja stranih jezika pravne struke - Pravosudna akademija","description":"Pravosudna akademija - Program cjelo\u017eivotnog stru\u010dnog usavr\u0161avanja je provedba inicijalnih programa za vje\u017ebenike u pravosudnim tijelima te za kandidate za suce i zamjenike dr\u017eavnih odvjetnika","robots":{"index":"index","follow":"follow","max-snippet":"max-snippet:-1","max-image-preview":"max-image-preview:large","max-video-preview":"max-video-preview:-1"},"canonical":"https:\/\/www.pak.hr\/edukacija-iz-podrucja-stranih-jezika-pravne-struke\/","og_locale":"en_US","og_type":"article","og_title":"Edukacija iz podru\u010dja stranih jezika pravne struke - Pravosudna akademija","og_description":"Pravosudna akademija - Program cjelo\u017eivotnog stru\u010dnog usavr\u0161avanja je provedba inicijalnih programa za vje\u017ebenike u pravosudnim tijelima te za kandidate za suce i zamjenike dr\u017eavnih odvjetnika","og_url":"https:\/\/www.pak.hr\/edukacija-iz-podrucja-stranih-jezika-pravne-struke\/","og_site_name":"Pravosudna akademija","article_published_time":"2023-09-22T06:52:17+00:00","article_modified_time":"2023-09-22T08:45:48+00:00","og_image":[{"width":787,"height":420,"url":"https:\/\/www.pak.hr\/wp-content\/uploads\/2023\/06\/pak787420.jpg","type":"image\/jpeg"}],"author":"ebilicic","twitter_card":"summary_large_image","twitter_misc":{"Written by":"ebilicic"},"schema":{"@context":"https:\/\/schema.org","@graph":[{"@type":"Article","@id":"https:\/\/www.pak.hr\/edukacija-iz-podrucja-stranih-jezika-pravne-struke\/#article","isPartOf":{"@id":"https:\/\/www.pak.hr\/edukacija-iz-podrucja-stranih-jezika-pravne-struke\/"},"author":{"name":"ebilicic","@id":"https:\/\/www.pak.hr\/#\/schema\/person\/77fa3c286aafd2f93ac2ebb9f182bd26"},"headline":"Edukacija iz podru\u010dja stranih jezika pravne struke","datePublished":"2023-09-22T06:52:17+00:00","dateModified":"2023-09-22T08:45:48+00:00","mainEntityOfPage":{"@id":"https:\/\/www.pak.hr\/edukacija-iz-podrucja-stranih-jezika-pravne-struke\/"},"wordCount":63,"publisher":{"@id":"https:\/\/www.pak.hr\/#organization"},"articleSection":["Education in the field of foreign languages","Main"],"inLanguage":"en-US"},{"@type":"WebPage","@id":"https:\/\/www.pak.hr\/edukacija-iz-podrucja-stranih-jezika-pravne-struke\/","url":"https:\/\/www.pak.hr\/edukacija-iz-podrucja-stranih-jezika-pravne-struke\/","name":"Edukacija iz podru\u010dja stranih jezika pravne struke - Pravosudna akademija","isPartOf":{"@id":"https:\/\/www.pak.hr\/#website"},"datePublished":"2023-09-22T06:52:17+00:00","dateModified":"2023-09-22T08:45:48+00:00","description":"Pravosudna akademija - Program cjelo\u017eivotnog stru\u010dnog usavr\u0161avanja je provedba inicijalnih programa za vje\u017ebenike u pravosudnim tijelima te za kandidate za suce i zamjenike dr\u017eavnih odvjetnika","breadcrumb":{"@id":"https:\/\/www.pak.hr\/edukacija-iz-podrucja-stranih-jezika-pravne-struke\/#breadcrumb"},"inLanguage":"en-US","potentialAction":[{"@type":"ReadAction","target":["https:\/\/www.pak.hr\/edukacija-iz-podrucja-stranih-jezika-pravne-struke\/"]}]},{"@type":"BreadcrumbList","@id":"https:\/\/www.pak.hr\/edukacija-iz-podrucja-stranih-jezika-pravne-struke\/#breadcrumb","itemListElement":[{"@type":"ListItem","position":1,"name":"Po\u010detna stranica","item":"https:\/\/www.pak.hr\/"},{"@type":"ListItem","position":2,"name":"Edukacija iz podru\u010dja stranih jezika pravne struke"}]},{"@type":"WebSite","@id":"https:\/\/www.pak.hr\/#website","url":"https:\/\/www.pak.hr\/","name":"Pravosudna akademija","description":"Pravosudna akademija","publisher":{"@id":"https:\/\/www.pak.hr\/#organization"},"potentialAction":[{"@type":"SearchAction","target":{"@type":"EntryPoint","urlTemplate":"https:\/\/www.pak.hr\/?s={search_term_string}"},"query-input":{"@type":"PropertyValueSpecification","valueRequired":true,"valueName":"search_term_string"}}],"inLanguage":"en-US"},{"@type":"Organization","@id":"https:\/\/www.pak.hr\/#organization","name":"Pravosudna akademija","url":"https:\/\/www.pak.hr\/","logo":{"@type":"ImageObject","inLanguage":"en-US","@id":"https:\/\/www.pak.hr\/#\/schema\/logo\/image\/","url":"https:\/\/www.pak.hr\/wp-content\/uploads\/2022\/03\/paklogo.png","contentUrl":"https:\/\/www.pak.hr\/wp-content\/uploads\/2022\/03\/paklogo.png","width":202,"height":89,"caption":"Pravosudna akademija"},"image":{"@id":"https:\/\/www.pak.hr\/#\/schema\/logo\/image\/"}},{"@type":"Person","@id":"https:\/\/www.pak.hr\/#\/schema\/person\/77fa3c286aafd2f93ac2ebb9f182bd26","name":"ebilicic","image":{"@type":"ImageObject","inLanguage":"en-US","@id":"https:\/\/secure.gravatar.com\/avatar\/25016b470eacba5409a95d9ec0bc11fc7c56ed96d16e3d970fed58b771cc047d?s=96&d=mm&r=g","url":"https:\/\/secure.gravatar.com\/avatar\/25016b470eacba5409a95d9ec0bc11fc7c56ed96d16e3d970fed58b771cc047d?s=96&d=mm&r=g","contentUrl":"https:\/\/secure.gravatar.com\/avatar\/25016b470eacba5409a95d9ec0bc11fc7c56ed96d16e3d970fed58b771cc047d?s=96&d=mm&r=g","caption":"ebilicic"},"url":"https:\/\/www.pak.hr\/en\/author\/ebilicic\/"}]}},"_links":{"self":[{"href":"https:\/\/www.pak.hr\/en\/wp-json\/wp\/v2\/posts\/7094","targetHints":{"allow":["GET"]}}],"collection":[{"href":"https:\/\/www.pak.hr\/en\/wp-json\/wp\/v2\/posts"}],"about":[{"href":"https:\/\/www.pak.hr\/en\/wp-json\/wp\/v2\/types\/post"}],"author":[{"embeddable":true,"href":"https:\/\/www.pak.hr\/en\/wp-json\/wp\/v2\/users\/4"}],"replies":[{"embeddable":true,"href":"https:\/\/www.pak.hr\/en\/wp-json\/wp\/v2\/comments?post=7094"}],"version-history":[{"count":1,"href":"https:\/\/www.pak.hr\/en\/wp-json\/wp\/v2\/posts\/7094\/revisions"}],"predecessor-version":[{"id":7095,"href":"https:\/\/www.pak.hr\/en\/wp-json\/wp\/v2\/posts\/7094\/revisions\/7095"}],"wp:attachment":[{"href":"https:\/\/www.pak.hr\/en\/wp-json\/wp\/v2\/media?parent=7094"}],"wp:term":[{"taxonomy":"category","embeddable":true,"href":"https:\/\/www.pak.hr\/en\/wp-json\/wp\/v2\/categories?post=7094"},{"taxonomy":"post_tag","embeddable":true,"href":"https:\/\/www.pak.hr\/en\/wp-json\/wp\/v2\/tags?post=7094"}],"curies":[{"name":"wp","href":"https:\/\/api.w.org\/{rel}","templated":true}]}}